{"id":1864,"date":"2017-06-05T11:20:36","date_gmt":"2017-06-05T09:20:36","guid":{"rendered":"http:\/\/lewebpedagogique.com\/emaugard\/?p=1864"},"modified":"2017-06-05T11:20:36","modified_gmt":"2017-06-05T09:20:36","slug":"les-competences-de-la-region-pour-lamenagement-du-territoire","status":"publish","type":"post","link":"https:\/\/emaugard.fr\/?p=1864","title":{"rendered":"Les comp\u00e9tences de la r\u00e9gion pour l&rsquo;am\u00e9nagement du territoire"},"content":{"rendered":"<p>[youtube]https:\/\/youtu.be\/Q5-UiO-pz9c[\/youtube]<\/p>\n","protected":false},"excerpt":{"rendered":"<p>[youtube]https:\/\/youtu.be\/Q5-UiO-pz9c[\/youtube]<\/p>\n","protected":false},"author":1,"featured_media":0,"comment_status":"open","ping_status":"open","sticky":false,"template":"","format":"standard","meta":{"footnotes":""},"categories":[15,13],"tags":[20,29,54],"class_list":["post-1864","post","type-post","status-publish","format-standard","hentry","category-geographie-troisiemes","category-troisiemes","tag-amenagement-du-territoire","tag-collectivites-territoriales","tag-region"],"_links":{"self":[{"href":"https:\/\/emaugard.fr\/index.php?rest_route=\/wp\/v2\/posts\/1864","targetHints":{"allow":["GET"]}}],"collection":[{"href":"https:\/\/emaugard.fr\/index.php?rest_route=\/wp\/v2\/posts"}],"about":[{"href":"https:\/\/emaugard.fr\/index.php?rest_route=\/wp\/v2\/types\/post"}],"author":[{"embeddable":true,"href":"https:\/\/emaugard.fr\/index.php?rest_route=\/wp\/v2\/users\/1"}],"replies":[{"embeddable":true,"href":"https:\/\/emaugard.fr\/index.php?rest_route=%2Fwp%2Fv2%2Fcomments&post=1864"}],"version-history":[{"count":0,"href":"https:\/\/emaugard.fr\/index.php?rest_route=\/wp\/v2\/posts\/1864\/revisions"}],"wp:attachment":[{"href":"https:\/\/emaugard.fr\/index.php?rest_route=%2Fwp%2Fv2%2Fmedia&parent=1864"}],"wp:term":[{"taxonomy":"category","embeddable":true,"href":"https:\/\/emaugard.fr\/index.php?rest_route=%2Fwp%2Fv2%2Fcategories&post=1864"},{"taxonomy":"post_tag","embeddable":true,"href":"https:\/\/emaugard.fr\/index.php?rest_route=%2Fwp%2Fv2%2Ftags&post=1864"}],"curies":[{"name":"wp","href":"https:\/\/api.w.org\/{rel}","templated":true}]}}